{"id":7693,"date":"2024-04-14T22:16:47","date_gmt":"2024-04-14T20:16:47","guid":{"rendered":"https:\/\/agglu.sk\/tavaszi-nagytakaritas-az-agglu-val\/"},"modified":"2024-04-14T22:16:47","modified_gmt":"2024-04-14T20:16:47","slug":"tavaszi-nagytakaritas-az-agglu-val","status":"publish","type":"post","link":"https:\/\/agglu.sk\/hu\/tavaszi-nagytakaritas-az-agglu-val\/","title":{"rendered":"Tavaszi nagytakar\u00edt\u00e1s az AGGLU-val"},"content":{"rendered":"<p>Minden \u00e9vben k\u00f6r\u00fclbel\u00fcl 22. \u00c1prilis 15-\u00e9n, amikor vil\u00e1gszerte megeml\u00e9kez\u00fcnk a F\u00f6ld napj\u00e1r\u00f3l, mi az AGGLU-n\u00e1l felvessz\u00fck a keszty\u0171t, \u00e9s elindulunk, hogy megtiszt\u00edtsuk a v\u00e1llalatunk k\u00f6r\u00fcli term\u00e9szetet. Ezt nem csak az\u00e9rt tessz\u00fck, hogy a munkak\u00f6rnyezetet kellemesebb\u00e9 tegy\u00fck, hanem a k\u00f6rnyezet\u00e9rt is. Hissz\u00fck, hogy ak\u00e1r egyetlen szemcse felszed\u00e9se is t\u00f6bb a semmin\u00e9l, \u00e9s egy\u00fctt seg\u00edt\u00fcnk a term\u00e9szetnek, hogy jobban &#8222;l\u00e9legezzen&#8221;. Nos, t\u00f6rt\u00e9netesen, megint csak nem volt egy apr\u00f3 p\u00f6tty.  <img fetchpriority=\"high\" decoding=\"async\" class=\"size-medium wp-image-7686 alignleft\" src=\"https:\/\/agglu.sk\/wp-content\/uploads\/2024\/04\/IMG-20240411-WA0033-300x225.jpg\" alt=\"\" width=\"300\" height=\"225\" srcset=\"https:\/\/agglu.sk\/wp-content\/uploads\/2024\/04\/IMG-20240411-WA0033-300x225.jpg 300w, https:\/\/agglu.sk\/wp-content\/uploads\/2024\/04\/IMG-20240411-WA0033-1024x768.jpg 1024w, https:\/\/agglu.sk\/wp-content\/uploads\/2024\/04\/IMG-20240411-WA0033-768x576.jpg 768w, https:\/\/agglu.sk\/wp-content\/uploads\/2024\/04\/IMG-20240411-WA0033-1536x1152.jpg 1536w, https:\/\/agglu.sk\/wp-content\/uploads\/2024\/04\/IMG-20240411-WA0033.jpg 2048w\" sizes=\"(max-width: 300px) 100vw, 300px\" \/><\/p>\n<p><img decoding=\"async\" class=\"size-medium wp-image-7678 alignright\" src=\"https:\/\/agglu.sk\/wp-content\/uploads\/2024\/04\/IMG-20240411-WA0025-1-225x300.jpg\" alt=\"\" width=\"225\" height=\"300\" srcset=\"https:\/\/agglu.sk\/wp-content\/uploads\/2024\/04\/IMG-20240411-WA0025-1-225x300.jpg 225w, https:\/\/agglu.sk\/wp-content\/uploads\/2024\/04\/IMG-20240411-WA0025-1-768x1024.jpg 768w, https:\/\/agglu.sk\/wp-content\/uploads\/2024\/04\/IMG-20240411-WA0025-1-1152x1536.jpg 1152w, https:\/\/agglu.sk\/wp-content\/uploads\/2024\/04\/IMG-20240411-WA0025-1.jpg 1536w\" sizes=\"(max-width: 225px) 100vw, 225px\" \/><\/p>\n<p>Egy naps\u00fct\u00e9ses \u00e1prilisi d\u00e9lut\u00e1non kikapcsoltuk a sz\u00e1m\u00edt\u00f3g\u00e9peket, sz\u00fcneteltett\u00fck a munk\u00e1t, \u00e9s szemeteszs\u00e1kjainkkal elindultunk hagyom\u00e1nyos utunkra. K\u00f6r\u00fclbel\u00fcl 3 km hossz\u00fa szakasz a tur\u010dianske teplicei temet\u0151t\u0151l, a hegy alatti \u00fat ment\u00e9n a Dolna \u0160tubnia-i s\u00edks\u00e1gig, t\u00e9l ut\u00e1n &#8222;megsz\u00e9p\u00fclt&#8221; a felhalmozott hullad\u00e9khalom \u00e1ltal. Siker\u00fclt t\u00f6bb zs\u00e1knyi k\u00fcl\u00f6nb\u00f6z\u0151 hullad\u00e9kot \u00f6sszegy\u0171jten\u00fcnk &#8211; a pap\u00edrokt\u00f3l kezdve az \u00e9lelmiszercsomagol\u00e1sokon \u00e9s m\u0171anyag palackokon \u00e1t a vesz\u00e9lyes \u00fcveghullad\u00e9kig \u00e9s a gumiabroncsokig. Mivel minden \u00e9vben \u0151szint\u00e9n takar\u00edtjuk ezt a r\u00e9szt, mindig kellemetlen\u00fcl meglep\u0151d\u00fcnk a felhalmozott hullad\u00e9k mennyis\u00e9g\u00e9n, ugyanakkor azt kell mondanunk, hogy minden \u00e9vben egy kicsit kevesebb a hullad\u00e9k, ami igaz\u00e1n nagyszer\u0171.<\/p>\n<p><img decoding=\"async\" class=\"size-medium wp-image-7666 alignleft\" src=\"https:\/\/agglu.sk\/wp-content\/uploads\/2024\/04\/IMG-20240411-WA0006-226x300.jpg\" alt=\"\" width=\"226\" height=\"300\" srcset=\"https:\/\/agglu.sk\/wp-content\/uploads\/2024\/04\/IMG-20240411-WA0006-226x300.jpg 226w, https:\/\/agglu.sk\/wp-content\/uploads\/2024\/04\/IMG-20240411-WA0006-771x1024.jpg 771w, https:\/\/agglu.sk\/wp-content\/uploads\/2024\/04\/IMG-20240411-WA0006-768x1020.jpg 768w, https:\/\/agglu.sk\/wp-content\/uploads\/2024\/04\/IMG-20240411-WA0006-1157x1536.jpg 1157w, https:\/\/agglu.sk\/wp-content\/uploads\/2024\/04\/IMG-20240411-WA0006.jpg 1536w\" sizes=\"(max-width: 226px) 100vw, 226px\" \/>K\u00f6sz\u00f6nj\u00fck, hogy seg\u00edtettek az AGGLU \u00f6sszes r\u00e9sztvev\u0151 koll\u00e9g\u00e1j\u00e1nak, akik nem f\u00e9ltek egy kicsit bepiszkolni magukat, \u00e9s seg\u00edtettek jav\u00edtani r\u00e9gi\u00f3nk k\u00f6rnyezet\u00e9t. Szeretn\u00e9nk k\u00f6sz\u00f6netet mondani a Tur\u010dianske Teplice m\u0171szaki szolg\u00e1latnak is a t\u00e1mogat\u00e1s\u00e9rt \u00e9s az \u00f6sszegy\u0171jt\u00f6tt hullad\u00e9k begy\u0171jt\u00e9s\u00e9\u00e9rt. A term\u00e9szet akkor is itt marad, amikor mi m\u00e1r nem lesz\u00fcnk itt, ez\u00e9rt becs\u00fclj\u00fck meg \u00e9s v\u00e9dj\u00fck meg. Tal\u00e1n mi is motiv\u00e1lunk t\u00e9ged, \u00e9s legk\u00f6zelebb csomagolsz egy szemeteszs\u00e1kot a s\u00e9t\u00e1dhoz, mert m\u00e9g egy szemetet is jobb eltakar\u00edtani, mint a f\u00f6ld\u00f6n hagyni \ud83d\ude42<img loading=\"lazy\" decoding=\"async\" class=\"size-medium wp-image-7662 alignleft\" src=\"https:\/\/agglu.sk\/wp-content\/uploads\/2024\/04\/IMG-20240411-WA0007-225x300.jpg\" alt=\"\" width=\"225\" height=\"300\" srcset=\"https:\/\/agglu.sk\/wp-content\/uploads\/2024\/04\/IMG-20240411-WA0007-225x300.jpg 225w, https:\/\/agglu.sk\/wp-content\/uploads\/2024\/04\/IMG-20240411-WA0007-768x1024.jpg 768w, https:\/\/agglu.sk\/wp-content\/uploads\/2024\/04\/IMG-20240411-WA0007-1152x1536.jpg 1152w, https:\/\/agglu.sk\/wp-content\/uploads\/2024\/04\/IMG-20240411-WA0007.jpg 1536w\" sizes=\"(max-width: 225px) 100vw, 225px\" \/><img loading=\"lazy\" decoding=\"async\" class=\" wp-image-7682 alignright\" src=\"https:\/\/agglu.sk\/wp-content\/uploads\/2024\/04\/IMG-20240411-WA0030-225x300.jpg\" alt=\"\" width=\"141\" height=\"188\" srcset=\"https:\/\/agglu.sk\/wp-content\/uploads\/2024\/04\/IMG-20240411-WA0030-225x300.jpg 225w, https:\/\/agglu.sk\/wp-content\/uploads\/2024\/04\/IMG-20240411-WA0030-768x1024.jpg 768w, https:\/\/agglu.sk\/wp-content\/uploads\/2024\/04\/IMG-20240411-WA0030-1152x1536.jpg 1152w, https:\/\/agglu.sk\/wp-content\/uploads\/2024\/04\/IMG-20240411-WA0030.jpg 1536w\" sizes=\"(max-width: 141px) 100vw, 141px\" \/><\/p>\n","protected":false},"excerpt":{"rendered":"<p>Minden \u00e9vben k\u00f6r\u00fclbel\u00fcl 22. \u00c1prilis 15-\u00e9n, amikor vil\u00e1gszerte megeml\u00e9kez\u00fcnk a F\u00f6ld napj\u00e1r\u00f3l, mi az AGGLU-n\u00e1l felvessz\u00fck a keszty\u0171t, \u00e9s elindulunk, hogy megtiszt\u00edtsuk a v\u00e1llalatunk k\u00f6r\u00fcli term\u00e9szetet. Ezt nem csak az\u00e9rt tessz\u00fck, hogy a munkak\u00f6rnyezetet kellemesebb\u00e9 tegy\u00fck, hanem a k\u00f6rnyezet\u00e9rt is. Hissz\u00fck, hogy ak\u00e1r egyetlen szemcse felszed\u00e9se is t\u00f6bb a semmin\u00e9l, \u00e9s egy\u00fctt seg\u00edt\u00fcnk a term\u00e9szetnek, [&hellip;]<\/p>\n","protected":false},"author":4,"featured_media":7689,"comment_status":"closed","ping_status":"closed","sticky":false,"template":"","format":"standard","meta":{"footnotes":""},"categories":[34],"tags":[],"class_list":["post-7693","post","type-post","status-publish","format-standard","has-post-thumbnail","hentry","category-uncategorized-hu"],"_links":{"self":[{"href":"https:\/\/agglu.sk\/hu\/wp-json\/wp\/v2\/posts\/7693","targetHints":{"allow":["GET"]}}],"collection":[{"href":"https:\/\/agglu.sk\/hu\/wp-json\/wp\/v2\/posts"}],"about":[{"href":"https:\/\/agglu.sk\/hu\/wp-json\/wp\/v2\/types\/post"}],"author":[{"embeddable":true,"href":"https:\/\/agglu.sk\/hu\/wp-json\/wp\/v2\/users\/4"}],"replies":[{"embeddable":true,"href":"https:\/\/agglu.sk\/hu\/wp-json\/wp\/v2\/comments?post=7693"}],"version-history":[{"count":0,"href":"https:\/\/agglu.sk\/hu\/wp-json\/wp\/v2\/posts\/7693\/revisions"}],"wp:featuredmedia":[{"embeddable":true,"href":"https:\/\/agglu.sk\/hu\/wp-json\/wp\/v2\/media\/7689"}],"wp:attachment":[{"href":"https:\/\/agglu.sk\/hu\/wp-json\/wp\/v2\/media?parent=7693"}],"wp:term":[{"taxonomy":"category","embeddable":true,"href":"https:\/\/agglu.sk\/hu\/wp-json\/wp\/v2\/categories?post=7693"},{"taxonomy":"post_tag","embeddable":true,"href":"https:\/\/agglu.sk\/hu\/wp-json\/wp\/v2\/tags?post=7693"}],"curies":[{"name":"wp","href":"https:\/\/api.w.org\/{rel}","templated":true}]}}