{"id":7691,"date":"2024-04-14T22:16:47","date_gmt":"2024-04-14T20:16:47","guid":{"rendered":"https:\/\/agglu.sk\/jarni-uklid-s-agglu\/"},"modified":"2024-04-14T22:16:47","modified_gmt":"2024-04-14T20:16:47","slug":"jarni-uklid-s-agglu","status":"publish","type":"post","link":"https:\/\/agglu.sk\/cs\/jarni-uklid-s-agglu\/","title":{"rendered":"Jarn\u00ed \u00faklid s AGGLU"},"content":{"rendered":"<p>Ka\u017ed\u00fd rok kolem 22. 1. dubna, kdy si celosv\u011btov\u011b p\u0159ipom\u00edn\u00e1me Den Zem\u011b, si my v AGGLU nasad\u00edme rukavice a vyd\u00e1me se uklidit p\u0159\u00edrodu v okol\u00ed na\u0161\u00ed spole\u010dnosti. D\u011bl\u00e1me to nejen proto, abychom zp\u0159\u00edjemnili pracovn\u00ed prost\u0159ed\u00ed, ale tak\u00e9 pro \u017eivotn\u00ed prost\u0159ed\u00ed. V\u011b\u0159\u00edme, \u017ee sebrat i jedno sm\u00edtko je v\u00edc ne\u017e nic a spole\u010dn\u011b pom\u016f\u017eeme p\u0159\u00edrod\u011b l\u00e9pe &#8222;d\u00fdchat&#8220;. No, jak u\u017e to tak b\u00fdv\u00e1, op\u011bt to nebylo jen mal\u00e9 sm\u00edtko.  <img fetchpriority=\"high\" decoding=\"async\" class=\"size-medium wp-image-7686 alignleft\" src=\"https:\/\/agglu.sk\/wp-content\/uploads\/2024\/04\/IMG-20240411-WA0033-300x225.jpg\" alt=\"\" width=\"300\" height=\"225\" srcset=\"https:\/\/agglu.sk\/wp-content\/uploads\/2024\/04\/IMG-20240411-WA0033-300x225.jpg 300w, https:\/\/agglu.sk\/wp-content\/uploads\/2024\/04\/IMG-20240411-WA0033-1024x768.jpg 1024w, https:\/\/agglu.sk\/wp-content\/uploads\/2024\/04\/IMG-20240411-WA0033-768x576.jpg 768w, https:\/\/agglu.sk\/wp-content\/uploads\/2024\/04\/IMG-20240411-WA0033-1536x1152.jpg 1536w, https:\/\/agglu.sk\/wp-content\/uploads\/2024\/04\/IMG-20240411-WA0033.jpg 2048w\" sizes=\"(max-width: 300px) 100vw, 300px\" \/><\/p>\n<p><img decoding=\"async\" class=\"size-medium wp-image-7678 alignright\" src=\"https:\/\/agglu.sk\/wp-content\/uploads\/2024\/04\/IMG-20240411-WA0025-1-225x300.jpg\" alt=\"\" width=\"225\" height=\"300\" srcset=\"https:\/\/agglu.sk\/wp-content\/uploads\/2024\/04\/IMG-20240411-WA0025-1-225x300.jpg 225w, https:\/\/agglu.sk\/wp-content\/uploads\/2024\/04\/IMG-20240411-WA0025-1-768x1024.jpg 768w, https:\/\/agglu.sk\/wp-content\/uploads\/2024\/04\/IMG-20240411-WA0025-1-1152x1536.jpg 1152w, https:\/\/agglu.sk\/wp-content\/uploads\/2024\/04\/IMG-20240411-WA0025-1.jpg 1536w\" sizes=\"(max-width: 225px) 100vw, 225px\" \/><\/p>\n<p>Za slune\u010dn\u00e9ho dubnov\u00e9ho odpoledne jsme vypnuli po\u010d\u00edta\u010de, p\u0159eru\u0161ili pr\u00e1ci a vydali se na tradi\u010dn\u00ed cestu s pytli na odpadky. P\u0159ibli\u017en\u011b t\u0159\u00edkilometrov\u00fd \u00fasek od h\u0159bitova v Tur\u010diansk\u00fdch Teplic\u00edch, pod\u00e9l podhorsk\u00e9 silnice k bytovk\u00e1m v Doln\u00ed \u0160tubni po zim\u011b &#8222;zkr\u00e1\u0161len\u00fd&#8220; hromadou nahromad\u011bn\u00e9ho odpadu. Poda\u0159ilo se n\u00e1m nasb\u00edrat n\u011bkolik pln\u00fdch pytl\u016f r\u016fzn\u00e9ho odpadu &#8211; od pap\u00edr\u016f, obal\u016f od potravin a plastov\u00fdch lahv\u00ed a\u017e po nebezpe\u010dn\u00fd sklen\u011bn\u00fd odpad a pneumatiky. Proto\u017ee tento \u00fasek poctiv\u011b ukl\u00edz\u00edme ka\u017ed\u00fd rok, jsme v\u017edy nemile p\u0159ekvapeni mno\u017estv\u00edm nahromad\u011bn\u00e9ho odpadu, ale z\u00e1rove\u0148 mus\u00edme \u0159\u00edci, \u017ee ka\u017ed\u00fd rok je odpadu o n\u011bco m\u00e9n\u011b, co\u017e je opravdu skv\u011bl\u00e9.<\/p>\n<p><img decoding=\"async\" class=\"size-medium wp-image-7666 alignleft\" src=\"https:\/\/agglu.sk\/wp-content\/uploads\/2024\/04\/IMG-20240411-WA0006-226x300.jpg\" alt=\"\" width=\"226\" height=\"300\" srcset=\"https:\/\/agglu.sk\/wp-content\/uploads\/2024\/04\/IMG-20240411-WA0006-226x300.jpg 226w, https:\/\/agglu.sk\/wp-content\/uploads\/2024\/04\/IMG-20240411-WA0006-771x1024.jpg 771w, https:\/\/agglu.sk\/wp-content\/uploads\/2024\/04\/IMG-20240411-WA0006-768x1020.jpg 768w, https:\/\/agglu.sk\/wp-content\/uploads\/2024\/04\/IMG-20240411-WA0006-1157x1536.jpg 1157w, https:\/\/agglu.sk\/wp-content\/uploads\/2024\/04\/IMG-20240411-WA0006.jpg 1536w\" sizes=\"(max-width: 226px) 100vw, 226px\" \/>D\u011bkujeme za pomoc v\u0161em zapojen\u00fdm koleg\u016fm z AGGLU, kte\u0159\u00ed se neb\u00e1li trochu u\u0161pinit a pomohli zlep\u0161it \u017eivotn\u00ed prost\u0159ed\u00ed v na\u0161em regionu. R\u00e1di bychom tak\u00e9 pod\u011bkovali Technick\u00fdm slu\u017eb\u00e1m Tur\u010dianske Teplice za podporu a svoz sebran\u00e9ho odpadu. P\u0159\u00edroda tu z\u016fstane, i kdy\u017e my u\u017e tu nebudeme, tak si j\u00ed va\u017eme a chra\u0148me ji. T\u0159eba v\u00e1s budeme motivovat i my a p\u0159\u00ed\u0161t\u011b si na proch\u00e1zku p\u0159ibal\u00edte pytel na odpadky, proto\u017ee uklidit i jeden odpadek je lep\u0161\u00ed ne\u017e ho nechat le\u017eet na zemi \ud83d\ude42<img loading=\"lazy\" decoding=\"async\" class=\"size-medium wp-image-7662 alignleft\" src=\"https:\/\/agglu.sk\/wp-content\/uploads\/2024\/04\/IMG-20240411-WA0007-225x300.jpg\" alt=\"\" width=\"225\" height=\"300\" srcset=\"https:\/\/agglu.sk\/wp-content\/uploads\/2024\/04\/IMG-20240411-WA0007-225x300.jpg 225w, https:\/\/agglu.sk\/wp-content\/uploads\/2024\/04\/IMG-20240411-WA0007-768x1024.jpg 768w, https:\/\/agglu.sk\/wp-content\/uploads\/2024\/04\/IMG-20240411-WA0007-1152x1536.jpg 1152w, https:\/\/agglu.sk\/wp-content\/uploads\/2024\/04\/IMG-20240411-WA0007.jpg 1536w\" sizes=\"(max-width: 225px) 100vw, 225px\" \/><img loading=\"lazy\" decoding=\"async\" class=\" wp-image-7682 alignright\" src=\"https:\/\/agglu.sk\/wp-content\/uploads\/2024\/04\/IMG-20240411-WA0030-225x300.jpg\" alt=\"\" width=\"141\" height=\"188\" srcset=\"https:\/\/agglu.sk\/wp-content\/uploads\/2024\/04\/IMG-20240411-WA0030-225x300.jpg 225w, https:\/\/agglu.sk\/wp-content\/uploads\/2024\/04\/IMG-20240411-WA0030-768x1024.jpg 768w, https:\/\/agglu.sk\/wp-content\/uploads\/2024\/04\/IMG-20240411-WA0030-1152x1536.jpg 1152w, https:\/\/agglu.sk\/wp-content\/uploads\/2024\/04\/IMG-20240411-WA0030.jpg 1536w\" sizes=\"(max-width: 141px) 100vw, 141px\" \/><\/p>\n","protected":false},"excerpt":{"rendered":"<p>Ka\u017ed\u00fd rok kolem 22. 1. dubna, kdy si celosv\u011btov\u011b p\u0159ipom\u00edn\u00e1me Den Zem\u011b, si my v AGGLU nasad\u00edme rukavice a vyd\u00e1me se uklidit p\u0159\u00edrodu v okol\u00ed na\u0161\u00ed spole\u010dnosti. D\u011bl\u00e1me to nejen proto, abychom zp\u0159\u00edjemnili pracovn\u00ed prost\u0159ed\u00ed, ale tak\u00e9 pro \u017eivotn\u00ed prost\u0159ed\u00ed. V\u011b\u0159\u00edme, \u017ee sebrat i jedno sm\u00edtko je v\u00edc ne\u017e nic a spole\u010dn\u011b pom\u016f\u017eeme p\u0159\u00edrod\u011b l\u00e9pe [&hellip;]<\/p>\n","protected":false},"author":4,"featured_media":7687,"comment_status":"closed","ping_status":"closed","sticky":false,"template":"","format":"standard","meta":{"footnotes":""},"categories":[33],"tags":[],"class_list":["post-7691","post","type-post","status-publish","format-standard","has-post-thumbnail","hentry","category-uncategorized-cs"],"_links":{"self":[{"href":"https:\/\/agglu.sk\/cs\/wp-json\/wp\/v2\/posts\/7691","targetHints":{"allow":["GET"]}}],"collection":[{"href":"https:\/\/agglu.sk\/cs\/wp-json\/wp\/v2\/posts"}],"about":[{"href":"https:\/\/agglu.sk\/cs\/wp-json\/wp\/v2\/types\/post"}],"author":[{"embeddable":true,"href":"https:\/\/agglu.sk\/cs\/wp-json\/wp\/v2\/users\/4"}],"replies":[{"embeddable":true,"href":"https:\/\/agglu.sk\/cs\/wp-json\/wp\/v2\/comments?post=7691"}],"version-history":[{"count":0,"href":"https:\/\/agglu.sk\/cs\/wp-json\/wp\/v2\/posts\/7691\/revisions"}],"wp:featuredmedia":[{"embeddable":true,"href":"https:\/\/agglu.sk\/cs\/wp-json\/wp\/v2\/media\/7687"}],"wp:attachment":[{"href":"https:\/\/agglu.sk\/cs\/wp-json\/wp\/v2\/media?parent=7691"}],"wp:term":[{"taxonomy":"category","embeddable":true,"href":"https:\/\/agglu.sk\/cs\/wp-json\/wp\/v2\/categories?post=7691"},{"taxonomy":"post_tag","embeddable":true,"href":"https:\/\/agglu.sk\/cs\/wp-json\/wp\/v2\/tags?post=7691"}],"curies":[{"name":"wp","href":"https:\/\/api.w.org\/{rel}","templated":true}]}}